{"id":4074,"date":"2026-08-28T18:53:06","date_gmt":"2026-08-28T16:53:06","guid":{"rendered":"https:\/\/opstluszcz.pl\/?p=4074"},"modified":"2026-08-28T18:54:52","modified_gmt":"2026-08-28T16:54:52","slug":"teleopieka-dla-mieszkancow-gminy-tluszcz-zapraszamy-do-udzialu-w-programie","status":"publish","type":"post","link":"https:\/\/opstluszcz.pl\/?p=4074","title":{"rendered":"Teleopieka dla mieszka\u0144c\u00f3w Gminy T\u0142uszcz \u2013 zapraszamy do udzia\u0142u w Programie!"},"content":{"rendered":"<div class=\"wp-block-image\">\n<figure class=\"aligncenter size-full is-resized\"><a href=\"https:\/\/opstluszcz.pl\/wp-content\/uploads\/2025\/10\/image.jpg\"><img loading=\"lazy\" decoding=\"async\" width=\"427\" height=\"142\" src=\"https:\/\/opstluszcz.pl\/wp-content\/uploads\/2025\/10\/image.jpg\" alt=\"\" class=\"wp-image-3801\" style=\"width:623px;height:auto\" srcset=\"https:\/\/opstluszcz.pl\/wp-content\/uploads\/2025\/10\/image.jpg 427w, https:\/\/opstluszcz.pl\/wp-content\/uploads\/2025\/10\/image-300x100.jpg 300w\" sizes=\"auto, (max-width: 427px) 100vw, 427px\" \/><\/a><\/figure>\n<\/div>\n\n<div class=\"wp-block-image\">\n<figure class=\"aligncenter size-full\"><a href=\"https:\/\/opstluszcz.pl\/wp-content\/uploads\/2026\/08\/Zrzut-ekranu-z-2026-08-28-18-40-43.png\"><img loading=\"lazy\" decoding=\"async\" width=\"607\" height=\"257\" src=\"https:\/\/opstluszcz.pl\/wp-content\/uploads\/2026\/08\/Zrzut-ekranu-z-2026-08-28-18-40-43.png\" alt=\"\" class=\"wp-image-4075\" srcset=\"https:\/\/opstluszcz.pl\/wp-content\/uploads\/2026\/08\/Zrzut-ekranu-z-2026-08-28-18-40-43.png 607w, https:\/\/opstluszcz.pl\/wp-content\/uploads\/2026\/08\/Zrzut-ekranu-z-2026-08-28-18-40-43-300x127.png 300w\" sizes=\"auto, (max-width: 607px) 100vw, 607px\" \/><\/a><\/figure>\n<\/div>\n\n\n<p class=\"has-medium-font-size wp-block-paragraph\"><strong>W zwi\u0105zku z przyst\u0105pieniem Gminy T\u0142uszcz do Programu \u201e Korpus Wsparcia Senior\u00f3w\u201d na 2026 r., O\u015brodek Pomocy Spo\u0142ecznej w T\u0142uszczu og\u0142asza nab\u00f3r uczestnik\u00f3w do udzia\u0142u w Programie.<\/strong><\/p>\n\n\n\n<p class=\"wp-block-paragraph\">Adresatami programu s\u0105 <strong>osoby w wieku 60 lat<\/strong> i wi\u0119cej, maj\u0105ce problemy z samodzielnym funkcjonowaniem ze wzgl\u0119du na stan zdrowia, prowadz\u0105ce samodzielne gospodarstwa domowe lub mieszkaj\u0105ce z osobami bliskim, kt\u00f3re nie s\u0105 w stanie zapewni\u0107 im wystarczaj\u0105cego wsparcia.<\/p>\n\n\n\n<p class=\"wp-block-paragraph\">W ramach Modu\u0142u II Programu \u201e Korpus Wsparcia Senior\u00f3w\u201d mieszka\u0144cy Gminy T\u0142uszcz w wieku 60 + b\u0119d\u0105 mogli otrzyma\u0107 <strong>us\u0142ugi wsparcia w postaci opasek bezpiecze\u0144stwa wraz z systemem obs\u0142ugi kt\u00f3re s\u0105 wykorzystywane w realizacji us\u0142ug opieku\u0144czych poprzez tzw. \u201eopiek\u0119 na odleg\u0142o\u015b\u0107\u201d<\/strong>. <\/p>\n\n\n\n<p><span style=\"color: #ff0000;\">G\u0142\u00f3wnym celem Programu jest poprawa bezpiecze\u0144stwa oraz mo\u017cliwo\u015bci samodzielnego funkcjonowania w miejscu zamieszkania os\u00f3b w wieku 60+<\/span><\/p>\n\n\n\n<p class=\"wp-block-paragraph\">Opaski bezpiecze\u0144stwa wyposa\u017cone s\u0105 w nast\u0119puj\u0105ce funkcje:<\/p>\n\n\n\n<ul class=\"wp-block-list\">\n<li>przycisk bezpiecze\u0144stwa \u2013 sygna\u0142 SOS,<\/li>\n\n\n\n<li>detektor upadku,<\/li>\n\n\n\n<li>czujnik zdj\u0119cia opaski\/urz\u0105dzenia,\u200b<\/li>\n\n\n\n<li>lokalizator GPS,<\/li>\n\n\n\n<li>funkcje umo\u017cliwiaj\u0105ce komunikowanie si\u0119 z centrum obs\u0142ugi i opiekunami,<\/li>\n\n\n\n<li>funkcje monitoruj\u0105ce podstawowe czynno\u015bci \u017cyciowe (puls i saturacja),<\/li>\n<\/ul>\n\n\n\n<p class=\"wp-block-paragraph\">Opaski bezpiecze\u0144stwa po\u0142\u0105czone s\u0105 z us\u0142ug\u0105 operatora pomocy \u2013 w przypadku trudnej sytuacji lub nag\u0142ego zagro\u017cenia wci\u015bni\u0119cie guzika alarmowego, znajduj\u0105cego si\u0119 na urz\u0105dzeniu, umo\u017cliwia po\u0142\u0105czenie si\u0119 ze stale gotow\u0105 do interwencji central\u0105.<\/p>\n\n\n\n<p class=\"wp-block-paragraph\">Nab\u00f3r do Programu prowadzony jest w spos\u00f3b ci\u0105g\u0142y do wyczerpania miejsc. <br>W przypadku braku miejsc kandydaci b\u0119d\u0105 umieszczani na li\u015bcie rezerwowej.<\/p>\n\n\n\n<p class=\"has-medium-font-size wp-block-paragraph\"><strong>Osoby w wieku 60+ zainteresowane udzia\u0142em w Programie proszone s\u0105 o kontakt z O\u015brodkiem Pomocy Spo\u0142ecznej w T\u0142uszczu ul. Warszawska 10, 05-240 T\u0142uszcz tel. 29 642-99-28, pok. 6 ( parter, wej\u015bcie od Wydzia\u0142u Komunikacji)<\/strong><\/p>\n\n\n\n<p class=\"has-text-align-center has-vivid-red-color has-text-color has-link-color wp-elements-1 wp-block-paragraph\"><strong>DOFINANSOWANO ZE \u015aRODK\u00d3W BUD\u017bETU PA\u0143STWA <\/strong><br><strong>w ramach Programu ,, Korpus Wsparcia Senior\u00f3w\u201d na rok 2026<\/strong><\/p>\n\n\n\n<p class=\"has-text-align-center has-vivid-red-color has-text-color has-link-color wp-elements-2 wp-block-paragraph\">DOFINANSOWANIE:<br>6 944,00 z\u0142<br>CA\u0141KOWITA WARTO\u015a\u0106 :<br>8 680,00 z\u0142<\/p>\n\n\n\n<p class=\"has-text-align-center wp-block-paragraph\">Za\u0142\u0105czniki:<\/p>\n\n\n\n<div class=\"wp-block-file\"><a id=\"wp-block-file--media-0a4cb7d8-c154-4199-8373-997db8e7d9b8\" href=\"https:\/\/opstluszcz.pl\/wp-content\/uploads\/2026\/08\/Program_Korpus_Wsparcia_Seniorow_na_rok_2026-5-2.pdf\">Program_Korpus_Wsparcia_Senior\u00f3w_na_rok_2026-5<\/a><a href=\"https:\/\/opstluszcz.pl\/wp-content\/uploads\/2026\/08\/Program_Korpus_Wsparcia_Seniorow_na_rok_2026-5-2.pdf\" class=\"wp-block-file__button wp-element-button\" download aria-describedby=\"wp-block-file--media-0a4cb7d8-c154-4199-8373-997db8e7d9b8\">Pobierz<\/a><\/div>\n\n\n\n<div class=\"wp-block-file\"><a id=\"wp-block-file--media-bec4e8a5-9193-4bcb-9e7c-8a55ae2c4cf1\" href=\"https:\/\/opstluszcz.pl\/wp-content\/uploads\/2026\/08\/Program-Oslonowy.pdf\">Program Os\u0142onowy<\/a><a href=\"https:\/\/opstluszcz.pl\/wp-content\/uploads\/2026\/08\/Program-Oslonowy.pdf\" class=\"wp-block-file__button wp-element-button\" download aria-describedby=\"wp-block-file--media-bec4e8a5-9193-4bcb-9e7c-8a55ae2c4cf1\">Pobierz<\/a><\/div>\n\n\n\n<div class=\"wp-block-file\"><a id=\"wp-block-file--media-28754678-e646-4f25-9774-76098d7524b8\" href=\"https:\/\/opstluszcz.pl\/wp-content\/uploads\/2026\/08\/REGULAIN-REKRUTACJI-I-UDZIALU-teleopieka.docx\">REGULAIN REKRUTACJI I UDZIA\u0141U teleopieka<\/a><a href=\"https:\/\/opstluszcz.pl\/wp-content\/uploads\/2026\/08\/REGULAIN-REKRUTACJI-I-UDZIALU-teleopieka.docx\" class=\"wp-block-file__button wp-element-button\" download aria-describedby=\"wp-block-file--media-28754678-e646-4f25-9774-76098d7524b8\">Pobierz<\/a><\/div>\n\n\n\n<div class=\"wp-block-file\"><a id=\"wp-block-file--media-49bfcd89-160a-49bc-87d6-4990256bfea1\" href=\"https:\/\/opstluszcz.pl\/wp-content\/uploads\/2026\/08\/FORMULARZ-REKRUTACYJNY-teleopieka-docx-2.docx\">FORMULARZ REKRUTACYJNY teleopieka docx-2<\/a><a href=\"https:\/\/opstluszcz.pl\/wp-content\/uploads\/2026\/08\/FORMULARZ-REKRUTACYJNY-teleopieka-docx-2.docx\" class=\"wp-block-file__button wp-element-button\" download aria-describedby=\"wp-block-file--media-49bfcd89-160a-49bc-87d6-4990256bfea1\">Pobierz<\/a><\/div>\n\n\n\n<div class=\"wp-block-file\"><a id=\"wp-block-file--media-ded9ac86-8ae9-476a-8e85-88fd6e7cd269\" href=\"https:\/\/opstluszcz.pl\/wp-content\/uploads\/2026\/08\/Umowa-uczestnictwa-w-programie_teleopieka.docx\">Umowa uczestnictwa w programie_teleopieka<\/a><a href=\"https:\/\/opstluszcz.pl\/wp-content\/uploads\/2026\/08\/Umowa-uczestnictwa-w-programie_teleopieka.docx\" class=\"wp-block-file__button wp-element-button\" download aria-describedby=\"wp-block-file--media-ded9ac86-8ae9-476a-8e85-88fd6e7cd269\">Pobierz<\/a><\/div>\n\n\n\n<div class=\"wp-block-file\"><a id=\"wp-block-file--media-0acbd0d6-26a2-42e5-bbb7-6b013524db23\" href=\"https:\/\/opstluszcz.pl\/wp-content\/uploads\/2026\/08\/PROTOK\u04e3-ZDAWCZO-ODBIORCZY-teleopieka.docx\">PROTOK\u04e3 ZDAWCZO-ODBIORCZY teleopieka<\/a><a href=\"https:\/\/opstluszcz.pl\/wp-content\/uploads\/2026\/08\/PROTOK\u04e3-ZDAWCZO-ODBIORCZY-teleopieka.docx\" class=\"wp-block-file__button wp-element-button\" download aria-describedby=\"wp-block-file--media-0acbd0d6-26a2-42e5-bbb7-6b013524db23\">Pobierz<\/a><\/div>\n","protected":false},"excerpt":{"rendered":"<p>W zwi\u0105zku z przyst\u0105pieniem Gminy T\u0142uszcz do Programu \u201e Korpus Wsparcia Senior\u00f3w\u201d na 2026 r., O\u015brodek Pomocy Spo\u0142ecznej w T\u0142uszczu og\u0142asza nab\u00f3r uczestnik\u00f3w do udzia\u0142u w Programie. Adresatami programu s\u0105 osoby w wieku 60 lat i wi\u0119cej, maj\u0105ce problemy z samodzielnym funkcjonowaniem ze wzgl\u0119du na stan zdrowia, prowadz\u0105ce samodzielne gospodarstwa domowe lub mieszkaj\u0105ce z osobami [&hellip;]<\/p>\n","protected":false},"author":1,"featured_media":0,"comment_status":"closed","ping_status":"closed","sticky":false,"template":"","format":"standard","meta":{"footnotes":""},"categories":[1,57],"tags":[],"class_list":["post-4074","post","type-post","status-publish","format-standard","hentry","category-aktualnosci","category-korpus-wsparcia-seniorow"],"_links":{"self":[{"href":"https:\/\/opstluszcz.pl\/index.php?rest_route=\/wp\/v2\/posts\/4074","targetHints":{"allow":["GET"]}}],"collection":[{"href":"https:\/\/opstluszcz.pl\/index.php?rest_route=\/wp\/v2\/posts"}],"about":[{"href":"https:\/\/opstluszcz.pl\/index.php?rest_route=\/wp\/v2\/types\/post"}],"author":[{"embeddable":true,"href":"https:\/\/opstluszcz.pl\/index.php?rest_route=\/wp\/v2\/users\/1"}],"replies":[{"embeddable":true,"href":"https:\/\/opstluszcz.pl\/index.php?rest_route=%2Fwp%2Fv2%2Fcomments&post=4074"}],"version-history":[{"count":3,"href":"https:\/\/opstluszcz.pl\/index.php?rest_route=\/wp\/v2\/posts\/4074\/revisions"}],"predecessor-version":[{"id":4087,"href":"https:\/\/opstluszcz.pl\/index.php?rest_route=\/wp\/v2\/posts\/4074\/revisions\/4087"}],"wp:attachment":[{"href":"https:\/\/opstluszcz.pl\/index.php?rest_route=%2Fwp%2Fv2%2Fmedia&parent=4074"}],"wp:term":[{"taxonomy":"category","embeddable":true,"href":"https:\/\/opstluszcz.pl\/index.php?rest_route=%2Fwp%2Fv2%2Fcategories&post=4074"},{"taxonomy":"post_tag","embeddable":true,"href":"https:\/\/opstluszcz.pl\/index.php?rest_route=%2Fwp%2Fv2%2Ftags&post=4074"}],"curies":[{"name":"wp","href":"https:\/\/api.w.org\/{rel}","templated":true}]}}